{"id":522,"date":"2021-06-06T13:36:23","date_gmt":"2021-06-06T13:36:23","guid":{"rendered":"https:\/\/ciedur.org.uy\/site\/?p=522"},"modified":"2021-06-06T13:36:24","modified_gmt":"2021-06-06T13:36:24","slug":"actividades-de-incidencia","status":"publish","type":"post","link":"https:\/\/ciedur.org.uy\/site\/actividades-de-incidencia\/","title":{"rendered":"Actividades de incidencia"},"content":{"rendered":"\n<p><strong>Capacitaci\u00f3n a trav\u00e9s de la IGTN-LA<\/strong><\/p>\n\n\n\n<p>A trav\u00e9s de diversas estrategias presenciales y virtuales de capacitaci\u00f3n de organizaciones sociales y de mujeres, IGTN busca definir informaci\u00f3n y promover el an\u00e1lisis sobre los impactos de la econom\u00eda y el comercio con una perspectiva de g\u00e9nero.<\/p>\n\n\n\n<p>La capacitaci\u00f3n y divulgaci\u00f3n se realiza a trav\u00e9s de la utilizaci\u00f3n de recursos variados: p\u00e1gina web, boletines electr\u00f3nicos, seminarios virtuales, material gr\u00e1fico, etc.<\/p>\n\n\n\n<p><em><strong>Objetivos<\/strong><\/em><\/p>\n\n\n\n<ul><li>Realizar actividades de capacitaci\u00f3n de mujeres sobre oportunidades, desaf\u00edos y estrategias relacionadas con los acuerdos comerciales a fin de promover un debate cr\u00edtico sobre temas macroecon\u00f3micos.<\/li><li>Fomentar un proceso de formaci\u00f3n de formadoras en la regi\u00f3n sobre econom\u00eda y g\u00e9nero.<\/li><li>Dise\u00f1ar metodolog\u00edas de capacitaci\u00f3n incluyendo actividades presenciales y virtuales, y producir materiales did\u00e1cticos para apoyar estos procesos.<\/li><\/ul>\n\n\n\n<p><em><strong>Actividades<\/strong><\/em><\/p>\n\n\n\n<ul><li><strong>Taller sobre G\u00e9nero y Comercio \u2013 Presentaci\u00f3n de resultados<\/strong><br>Lugar: Casa de las Ciudadanas, Secretar\u00eda de la Mujer.- IMM<br>Inicio: 06\/12\/2008<br>El taller busc\u00f3 profundizar los conocimientos sobre la relaci\u00f3n entre g\u00e9nero y comercio en base a los resultados de la Investigaci\u00f3n \u00abComercio, G\u00e9nero y Equidad en Am\u00e9rica Latina: Generando Conocimiento para la Acci\u00f3n Pol\u00edtica\u00bb realizada en Uruguay.<br>Descargables: <a href=\"http:\/\/www.ciedur.org.uy\/wp-content\/uploads\/2017\/11\/Ciedur_Programa.pdf\">Programa del seminario<\/a> y <a href=\"http:\/\/www.ciedur.org.uy\/wp-content\/uploads\/2017\/11\/Ciedur_Presentaci\u00f3n-Paola-Azar.pdf\">Presentaci\u00f3n de Ec. Paola Azar<\/a>.<\/li><li><strong>Integraci\u00f3n Regional y Agricultura Familiar: una mirada desde las Mujeres Rurales<\/strong><br>Lugar: Montevideo, Uruguay<br>Inicio: 09\/05\/2008<br>Se llev\u00f3 adelante un proceso de capacitaci\u00f3n sobre las relaciones entre el comercio internacional, la agricultura familiar y las desigualdades de g\u00e9nero en el medio rural, para contribuir en el proceso de incidencia de las organizaciones de mujeres rurales en las pol\u00edticas del Mercosur.<br>Participaron mujeres de distintos lugares del pa\u00eds pertenecientes a diversas organizaciones como la Red de Mujeres Rurales, la Asociaci\u00f3n de Mujeres Rurales y la Federaci\u00f3n Rural.<br>A partir de este taller se public\u00f3 y reparti\u00f3 un manual sobre los temas tratados.<\/li><li><strong>Encuentro Regional: G\u00e9nero, Comercio y Empleo<\/strong><br>Lugar: Paraguay<br>Inicio: 27\/11\/2006<br>Mujeres de diversos pa\u00edses de Am\u00e9rica Latina se re\u00fanen para debatir y recibir formaci\u00f3n sobre los procesos de liberalizaci\u00f3n comercial, sus impactos en el mercado de trabajo desde la perspectiva de g\u00e9nero.<br>Coordinaci\u00f3n acad\u00e9mica: Red Internacional de G\u00e9nero y Comercio.<br>Alma Espino y Soledad Salvador participan como docentes.<\/li><li><strong>Seminario de capacitaci\u00f3n en G\u00e9nero y Comercio \u2013 \u00c1rea Andina<\/strong><br>Lugar: Quito, Ecuador<br>Inicio: 03\/10\/2005<br>Participaron entre 35 y 40 mujeres de Bolivia, Colombia, Ecuador, Per\u00fa y Venezuela. Fue coordinado por Norma Sanch\u00eds, y const\u00f3 con la participaci\u00f3n de Ver\u00f3nica Baracat (IGTN-Argentina), Soledad Salvador (IGTN-Uruguay) e invitadas de la regi\u00f3n.<\/li><li><strong>Seminario Virtual de Capacitaci\u00f3n en G\u00e9nero y Comercio para Am\u00e9rica Latina | 2004-2005<\/strong><br>Inicio: 10\/10\/2004<br>Los seminarios de capacitaci\u00f3n virtual han sido desarrollados con el fin de favorecer la construcci\u00f3n de redes y alianzas para incidir en las tem\u00e1ticas de g\u00e9nero y comercio, en el marco del contexto m\u00e1s amplio de mejora de las metodolog\u00edas para la participaci\u00f3n democr\u00e1tica. Utilizando las nuevas tecnolog\u00edas de informaci\u00f3n, pretenden ser un catalizador en la construcci\u00f3n de redes involucradas en las negociaciones comerciales desde una perspectiva de g\u00e9nero.<br>Coordinaci\u00f3n: Norma Sanch\u00eds<br>Docentes: Alma Espino, Graciela Rodr\u00edguez y Norma Sanch\u00eds<br>Facilitadora: Ver\u00f3nica Baracat<br>Tutoras: Patricia Jaramillo, Rebeca Salazar y Carolina Villarroel<\/li><li><strong>Taller de Formaci\u00f3n en G\u00e9nero y Comercio \u2013 Uruguay<\/strong><br>Lugar: Montevideo, Uruguay<br>Inicio: 17\/12\/2004<br>El Taller estaba destinado a estudiantes, profesionales e integrantes de organizaciones sociales interesados en la tem\u00e1tica.<br>Docentes y facilitadoras: Alma Espino, Paola Azar y Soledad Salvador.<\/li><li><strong>Taller Regional de Formaci\u00f3n de Formadoras en G\u00e9nero y Comercio<br><\/strong>Lugar: Bariloche, Argentina<br>Inicio: 31\/10\/2003<br>Participaron 28 mujeres de distintos pa\u00edses de Am\u00e9rica Latina. El equipo docente y de facilitaci\u00f3n estuvo integrado por: Norma Sanch\u00eds y Ver\u00f3nica Baracat (IGTN-Argentina), Graciela Rodr\u00edguez y Moema Guedes (IGTN-Brasil), Alma Espino y Soledad Salvador (IGTN-Uruguay).<\/li><\/ul>\n\n\n\n<p><strong>Boletines de la Red G\u00e9nero y Comercio<\/strong><\/p>\n\n\n\n<p><a href=\"http:\/\/www.ciedur.org.uy\/wp-content\/uploads\/2017\/11\/publicacion_270.pdf\">Bolet\u00edn n\u00ba 21 | A\u00f1o: 2011<\/a><\/p>\n\n\n\n<p><a href=\"http:\/\/www.ciedur.org.uy\/wp-content\/uploads\/2017\/11\/publicacion_269.pdf\">Bolet\u00edn n\u00ba 20 | A\u00f1o: 2010<\/a><\/p>\n\n\n\n<p><a href=\"http:\/\/www.ciedur.org.uy\/wp-content\/uploads\/2017\/11\/publicacion_268.pdf\">Bolet\u00edn n\u00ba 19 | A\u00f1o: 2010<\/a><\/p>\n\n\n\n<p><a href=\"http:\/\/www.ciedur.org.uy\/wp-content\/uploads\/2017\/11\/publicacion_267.pdf\">Bolet\u00edn n\u00ba 18 | A\u00f1o: 2010<\/a><\/p>\n\n\n\n<p><a href=\"http:\/\/www.ciedur.org.uy\/wp-content\/uploads\/2017\/11\/publicacion_264.pdf\">Bolet\u00edn n\u00ba 17 | A\u00f1o: 2009<\/a><\/p>\n\n\n\n<p><a href=\"http:\/\/www.ciedur.org.uy\/wp-content\/uploads\/2017\/11\/publicacion_263.pdf\">Bolet\u00edn n\u00ba 16 | A\u00f1o: 2009<\/a><\/p>\n","protected":false},"excerpt":{"rendered":"Capacitaci\u00f3n a trav\u00e9s de la IGTN-LA A trav\u00e9s de diversas estrategias presenciales y virtuales de capacitaci\u00f3n de organizaciones sociales y de mujeres, IGTN busca definir informaci\u00f3n y promover el an\u00e1lisis&#8230; <a class=\"view-article\" href=\"https:\/\/ciedur.org.uy\/site\/actividades-de-incidencia\/\">Ver art\u00edculo<\/a>","protected":false},"author":1,"featured_media":492,"comment_status":"open","ping_status":"open","sticky":false,"template":"","format":"standard","meta":[],"categories":[61],"tags":[],"_links":{"self":[{"href":"https:\/\/ciedur.org.uy\/site\/wp-json\/wp\/v2\/posts\/522"}],"collection":[{"href":"https:\/\/ciedur.org.uy\/site\/wp-json\/wp\/v2\/posts"}],"about":[{"href":"https:\/\/ciedur.org.uy\/site\/wp-json\/wp\/v2\/types\/post"}],"author":[{"embeddable":true,"href":"https:\/\/ciedur.org.uy\/site\/wp-json\/wp\/v2\/users\/1"}],"replies":[{"embeddable":true,"href":"https:\/\/ciedur.org.uy\/site\/wp-json\/wp\/v2\/comments?post=522"}],"version-history":[{"count":1,"href":"https:\/\/ciedur.org.uy\/site\/wp-json\/wp\/v2\/posts\/522\/revisions"}],"predecessor-version":[{"id":523,"href":"https:\/\/ciedur.org.uy\/site\/wp-json\/wp\/v2\/posts\/522\/revisions\/523"}],"wp:featuredmedia":[{"embeddable":true,"href":"https:\/\/ciedur.org.uy\/site\/wp-json\/wp\/v2\/media\/492"}],"wp:attachment":[{"href":"https:\/\/ciedur.org.uy\/site\/wp-json\/wp\/v2\/media?parent=522"}],"wp:term":[{"taxonomy":"category","embeddable":true,"href":"https:\/\/ciedur.org.uy\/site\/wp-json\/wp\/v2\/categories?post=522"},{"taxonomy":"post_tag","embeddable":true,"href":"https:\/\/ciedur.org.uy\/site\/wp-json\/wp\/v2\/tags?post=522"}],"curies":[{"name":"wp","href":"https:\/\/api.w.org\/{rel}","templated":true}]}}